{"id":25293,"date":"2024-03-04T16:41:15","date_gmt":"2024-03-04T15:41:15","guid":{"rendered":"https:\/\/www.prelit.ch\/15-ans-de-jubile-3\/"},"modified":"2024-03-12T16:53:13","modified_gmt":"2024-03-12T15:53:13","slug":"15-ans-de-jubile-3","status":"publish","type":"post","link":"https:\/\/www.prelit.ch\/fr\/15-ans-de-jubile-3\/","title":{"rendered":"15 ans de jubil\u00e9 !"},"content":{"rendered":"\n<p>F\u00e9licitations !<\/p>\n\n\n\n<p>Nous f\u00e9licitons chaleureusement Rahel Wymann pour cette occasion particuli\u00e8re et la remercions pour sa pers\u00e9v\u00e9rance et son assiduit\u00e9 \u00e0 nous offrir chaque jour une meilleure cohabitation.<\/p>\n\n\n\n<p>Elle a commenc\u00e9 chez nous au service financier. Entre-temps, elle n&rsquo;a pas seulement jongl\u00e9 avec nos chiffres, depuis 2017 elle dirige \u00e9galement nos RH avec beaucoup de passion. Toute l&rsquo;\u00e9quipe de Prelit remercie chaleureusement Rahel pour sa collaboration en toute confiance au cours des derni\u00e8res ann\u00e9es, sa fid\u00e9lit\u00e9 et sa loyaut\u00e9, et lui souhaite beaucoup d&rsquo;\u00e9nergie pour les 15 prochaines ann\u00e9es, ainsi que beaucoup de plaisir et de joie au travail.<\/p>\n\n\n\n<figure class=\"wp-block-image size-large\"><img fetchpriority=\"high\" decoding=\"async\" width=\"768\" height=\"1024\" src=\"https:\/\/www.prelit.ch\/wp-content\/uploads\/2024\/03\/Jubilaeum-WY-1-768x1024.jpg\" alt=\"\" class=\"wp-image-25286\" srcset=\"https:\/\/www.prelit.ch\/wp-content\/uploads\/2024\/03\/Jubilaeum-WY-1-768x1024.jpg 768w, https:\/\/www.prelit.ch\/wp-content\/uploads\/2024\/03\/Jubilaeum-WY-1.jpg 1500w\" sizes=\"(max-width: 768px) 100vw, 768px\" \/><\/figure>\n\n\n\n<figure class=\"wp-block-image size-large\"><img decoding=\"async\" width=\"768\" height=\"1024\" src=\"https:\/\/www.prelit.ch\/wp-content\/uploads\/2024\/03\/Jubilaeum-WY-2-768x1024.jpg\" alt=\"\" class=\"wp-image-25288\" srcset=\"https:\/\/www.prelit.ch\/wp-content\/uploads\/2024\/03\/Jubilaeum-WY-2-768x1024.jpg 768w, https:\/\/www.prelit.ch\/wp-content\/uploads\/2024\/03\/Jubilaeum-WY-2.jpg 1200w\" sizes=\"(max-width: 768px) 100vw, 768px\" \/><\/figure>\n\n\n\n<figure class=\"wp-block-image size-large\"><img decoding=\"async\" width=\"461\" height=\"1024\" src=\"https:\/\/www.prelit.ch\/wp-content\/uploads\/2024\/03\/Jubilaeum-WY-3-461x1024.jpg\" alt=\"\" class=\"wp-image-25290\" srcset=\"https:\/\/www.prelit.ch\/wp-content\/uploads\/2024\/03\/Jubilaeum-WY-3-461x1024.jpg 461w, https:\/\/www.prelit.ch\/wp-content\/uploads\/2024\/03\/Jubilaeum-WY-3-768x1705.jpg 768w, https:\/\/www.prelit.ch\/wp-content\/uploads\/2024\/03\/Jubilaeum-WY-3-scaled.jpg 1153w\" sizes=\"(max-width: 461px) 100vw, 461px\" \/><\/figure>\n","protected":false},"excerpt":{"rendered":"<p>F\u00e9licitations ! Nous f\u00e9licitons chaleureusement Rahel Wymann pour cette occasion particuli\u00e8re et la remercions pour sa pers\u00e9v\u00e9rance et son assiduit\u00e9 \u00e0 nous offrir chaque jour une meilleure cohabitation. Elle a commenc\u00e9 chez nous au service financier. Entre-temps, elle n&rsquo;a pas seulement jongl\u00e9 avec nos chiffres, depuis 2017 elle dirige \u00e9galement nos RH avec beaucoup de [&hellip;]<\/p>\n","protected":false},"author":1,"featured_media":25286,"comment_status":"closed","ping_status":"open","sticky":false,"template":"","format":"standard","meta":{"footnotes":""},"categories":[91],"tags":[],"class_list":["post-25293","post","type-post","status-publish","format-standard","has-post-thumbnail","hentry","category-actualites"],"yoast_head":"<!-- This site is optimized with the Yoast SEO plugin v26.9 - https:\/\/yoast.com\/product\/yoast-seo-wordpress\/ -->\n<title>15 ans de jubil\u00e9 ! - Prelit<\/title>\n<meta name=\"robots\" content=\"index, follow, max-snippet:-1, max-image-preview:large, max-video-preview:-1\" \/>\n<link rel=\"canonical\" href=\"https:\/\/www.prelit.ch\/en\/?p=26885\" \/>\n<meta property=\"og:locale\" content=\"fr_FR\" \/>\n<meta property=\"og:type\" content=\"article\" \/>\n<meta property=\"og:title\" content=\"15 ans de jubil\u00e9 ! - Prelit\" \/>\n<meta property=\"og:description\" content=\"F\u00e9licitations ! Nous f\u00e9licitons chaleureusement Rahel Wymann pour cette occasion particuli\u00e8re et la remercions pour sa pers\u00e9v\u00e9rance et son assiduit\u00e9 \u00e0 nous offrir chaque jour une meilleure cohabitation. Elle a commenc\u00e9 chez nous au service financier. Entre-temps, elle n&rsquo;a pas seulement jongl\u00e9 avec nos chiffres, depuis 2017 elle dirige \u00e9galement nos RH avec beaucoup de [&hellip;]\" \/>\n<meta property=\"og:url\" content=\"https:\/\/www.prelit.ch\/en\/?p=26885\" \/>\n<meta property=\"og:site_name\" content=\"Prelit\" \/>\n<meta property=\"article:published_time\" content=\"2024-03-04T15:41:15+00:00\" \/>\n<meta property=\"article:modified_time\" content=\"2024-03-12T15:53:13+00:00\" \/>\n<meta property=\"og:image\" content=\"https:\/\/www.prelit.ch\/wp-content\/uploads\/2024\/03\/Jubilaeum-WY-1.jpg\" \/>\n\t<meta property=\"og:image:width\" content=\"1500\" \/>\n\t<meta property=\"og:image:height\" content=\"2000\" \/>\n\t<meta property=\"og:image:type\" content=\"image\/jpeg\" \/>\n<meta name=\"author\" content=\"Prelit\" \/>\n<meta name=\"twitter:card\" content=\"summary_large_image\" \/>\n<meta name=\"twitter:label1\" content=\"\u00c9crit par\" \/>\n\t<meta name=\"twitter:data1\" content=\"Prelit\" \/>\n\t<meta name=\"twitter:label2\" content=\"Dur\u00e9e de lecture estim\u00e9e\" \/>\n\t<meta name=\"twitter:data2\" content=\"2 minutes\" \/>\n<script type=\"application\/ld+json\" class=\"yoast-schema-graph\">{\"@context\":\"https:\/\/schema.org\",\"@graph\":[{\"@type\":\"Article\",\"@id\":\"https:\/\/www.prelit.ch\/en\/?p=26885#article\",\"isPartOf\":{\"@id\":\"https:\/\/www.prelit.ch\/en\/?p=26885\"},\"author\":{\"name\":\"Prelit\",\"@id\":\"https:\/\/www.prelit.ch\/#\/schema\/person\/03f0985cee556b99542f103f72375fb5\"},\"headline\":\"15 ans de jubil\u00e9 !\",\"datePublished\":\"2024-03-04T15:41:15+00:00\",\"dateModified\":\"2024-03-12T15:53:13+00:00\",\"mainEntityOfPage\":{\"@id\":\"https:\/\/www.prelit.ch\/en\/?p=26885\"},\"wordCount\":109,\"publisher\":{\"@id\":\"https:\/\/www.prelit.ch\/#organization\"},\"image\":{\"@id\":\"https:\/\/www.prelit.ch\/en\/?p=26885#primaryimage\"},\"thumbnailUrl\":\"https:\/\/www.prelit.ch\/wp-content\/uploads\/2024\/03\/Jubilaeum-WY-1.jpg\",\"articleSection\":[\"Actualit\u00e9s\"],\"inLanguage\":\"fr-FR\"},{\"@type\":\"WebPage\",\"@id\":\"https:\/\/www.prelit.ch\/en\/?p=26885\",\"url\":\"https:\/\/www.prelit.ch\/en\/?p=26885\",\"name\":\"15 ans de jubil\u00e9 ! - Prelit\",\"isPartOf\":{\"@id\":\"https:\/\/www.prelit.ch\/#website\"},\"primaryImageOfPage\":{\"@id\":\"https:\/\/www.prelit.ch\/en\/?p=26885#primaryimage\"},\"image\":{\"@id\":\"https:\/\/www.prelit.ch\/en\/?p=26885#primaryimage\"},\"thumbnailUrl\":\"https:\/\/www.prelit.ch\/wp-content\/uploads\/2024\/03\/Jubilaeum-WY-1.jpg\",\"datePublished\":\"2024-03-04T15:41:15+00:00\",\"dateModified\":\"2024-03-12T15:53:13+00:00\",\"breadcrumb\":{\"@id\":\"https:\/\/www.prelit.ch\/en\/?p=26885#breadcrumb\"},\"inLanguage\":\"fr-FR\",\"potentialAction\":[{\"@type\":\"ReadAction\",\"target\":[\"https:\/\/www.prelit.ch\/en\/?p=26885\"]}]},{\"@type\":\"ImageObject\",\"inLanguage\":\"fr-FR\",\"@id\":\"https:\/\/www.prelit.ch\/en\/?p=26885#primaryimage\",\"url\":\"https:\/\/www.prelit.ch\/wp-content\/uploads\/2024\/03\/Jubilaeum-WY-1.jpg\",\"contentUrl\":\"https:\/\/www.prelit.ch\/wp-content\/uploads\/2024\/03\/Jubilaeum-WY-1.jpg\",\"width\":1500,\"height\":2000},{\"@type\":\"BreadcrumbList\",\"@id\":\"https:\/\/www.prelit.ch\/en\/?p=26885#breadcrumb\",\"itemListElement\":[{\"@type\":\"ListItem\",\"position\":1,\"name\":\"Startseite\",\"item\":\"https:\/\/www.prelit.ch\/fr\/maison-1\/\"},{\"@type\":\"ListItem\",\"position\":2,\"name\":\"15 ans de jubil\u00e9 !\"}]},{\"@type\":\"WebSite\",\"@id\":\"https:\/\/www.prelit.ch\/#website\",\"url\":\"https:\/\/www.prelit.ch\/\",\"name\":\"Prelit\",\"description\":\"\",\"publisher\":{\"@id\":\"https:\/\/www.prelit.ch\/#organization\"},\"potentialAction\":[{\"@type\":\"SearchAction\",\"target\":{\"@type\":\"EntryPoint\",\"urlTemplate\":\"https:\/\/www.prelit.ch\/?s={search_term_string}\"},\"query-input\":{\"@type\":\"PropertyValueSpecification\",\"valueRequired\":true,\"valueName\":\"search_term_string\"}}],\"inLanguage\":\"fr-FR\"},{\"@type\":\"Organization\",\"@id\":\"https:\/\/www.prelit.ch\/#organization\",\"name\":\"Prelit AG\",\"url\":\"https:\/\/www.prelit.ch\/\",\"logo\":{\"@type\":\"ImageObject\",\"inLanguage\":\"fr-FR\",\"@id\":\"https:\/\/www.prelit.ch\/#\/schema\/logo\/image\/\",\"url\":\"https:\/\/www.prelit.ch\/wp-content\/uploads\/2019\/05\/orignal.png\",\"contentUrl\":\"https:\/\/www.prelit.ch\/wp-content\/uploads\/2019\/05\/orignal.png\",\"width\":1253,\"height\":599,\"caption\":\"Prelit AG\"},\"image\":{\"@id\":\"https:\/\/www.prelit.ch\/#\/schema\/logo\/image\/\"},\"sameAs\":[\"https:\/\/www.linkedin.com\/company\/prelit-ag\/posts\/?feedView=all\"]},{\"@type\":\"Person\",\"@id\":\"https:\/\/www.prelit.ch\/#\/schema\/person\/03f0985cee556b99542f103f72375fb5\",\"name\":\"Prelit\",\"image\":{\"@type\":\"ImageObject\",\"inLanguage\":\"fr-FR\",\"@id\":\"https:\/\/www.prelit.ch\/#\/schema\/person\/image\/\",\"url\":\"https:\/\/secure.gravatar.com\/avatar\/aa15cc1a02c57ee5dbdec38407d55d2726713adb2ab166c9873641afa7b5bb40?s=96&d=mm&r=g\",\"contentUrl\":\"https:\/\/secure.gravatar.com\/avatar\/aa15cc1a02c57ee5dbdec38407d55d2726713adb2ab166c9873641afa7b5bb40?s=96&d=mm&r=g\",\"caption\":\"Prelit\"},\"sameAs\":[\"https:\/\/www.prelit.ch\"],\"url\":\"https:\/\/www.prelit.ch\/fr\/author\/pl-admin\/\"}]}<\/script>\n<!-- \/ Yoast SEO plugin. -->","yoast_head_json":{"title":"15 ans de jubil\u00e9 ! - Prelit","robots":{"index":"index","follow":"follow","max-snippet":"max-snippet:-1","max-image-preview":"max-image-preview:large","max-video-preview":"max-video-preview:-1"},"canonical":"https:\/\/www.prelit.ch\/en\/?p=26885","og_locale":"fr_FR","og_type":"article","og_title":"15 ans de jubil\u00e9 ! - Prelit","og_description":"F\u00e9licitations ! Nous f\u00e9licitons chaleureusement Rahel Wymann pour cette occasion particuli\u00e8re et la remercions pour sa pers\u00e9v\u00e9rance et son assiduit\u00e9 \u00e0 nous offrir chaque jour une meilleure cohabitation. Elle a commenc\u00e9 chez nous au service financier. Entre-temps, elle n&rsquo;a pas seulement jongl\u00e9 avec nos chiffres, depuis 2017 elle dirige \u00e9galement nos RH avec beaucoup de [&hellip;]","og_url":"https:\/\/www.prelit.ch\/en\/?p=26885","og_site_name":"Prelit","article_published_time":"2024-03-04T15:41:15+00:00","article_modified_time":"2024-03-12T15:53:13+00:00","og_image":[{"width":1500,"height":2000,"url":"https:\/\/www.prelit.ch\/wp-content\/uploads\/2024\/03\/Jubilaeum-WY-1.jpg","type":"image\/jpeg"}],"author":"Prelit","twitter_card":"summary_large_image","twitter_misc":{"\u00c9crit par":"Prelit","Dur\u00e9e de lecture estim\u00e9e":"2 minutes"},"schema":{"@context":"https:\/\/schema.org","@graph":[{"@type":"Article","@id":"https:\/\/www.prelit.ch\/en\/?p=26885#article","isPartOf":{"@id":"https:\/\/www.prelit.ch\/en\/?p=26885"},"author":{"name":"Prelit","@id":"https:\/\/www.prelit.ch\/#\/schema\/person\/03f0985cee556b99542f103f72375fb5"},"headline":"15 ans de jubil\u00e9 !","datePublished":"2024-03-04T15:41:15+00:00","dateModified":"2024-03-12T15:53:13+00:00","mainEntityOfPage":{"@id":"https:\/\/www.prelit.ch\/en\/?p=26885"},"wordCount":109,"publisher":{"@id":"https:\/\/www.prelit.ch\/#organization"},"image":{"@id":"https:\/\/www.prelit.ch\/en\/?p=26885#primaryimage"},"thumbnailUrl":"https:\/\/www.prelit.ch\/wp-content\/uploads\/2024\/03\/Jubilaeum-WY-1.jpg","articleSection":["Actualit\u00e9s"],"inLanguage":"fr-FR"},{"@type":"WebPage","@id":"https:\/\/www.prelit.ch\/en\/?p=26885","url":"https:\/\/www.prelit.ch\/en\/?p=26885","name":"15 ans de jubil\u00e9 ! - Prelit","isPartOf":{"@id":"https:\/\/www.prelit.ch\/#website"},"primaryImageOfPage":{"@id":"https:\/\/www.prelit.ch\/en\/?p=26885#primaryimage"},"image":{"@id":"https:\/\/www.prelit.ch\/en\/?p=26885#primaryimage"},"thumbnailUrl":"https:\/\/www.prelit.ch\/wp-content\/uploads\/2024\/03\/Jubilaeum-WY-1.jpg","datePublished":"2024-03-04T15:41:15+00:00","dateModified":"2024-03-12T15:53:13+00:00","breadcrumb":{"@id":"https:\/\/www.prelit.ch\/en\/?p=26885#breadcrumb"},"inLanguage":"fr-FR","potentialAction":[{"@type":"ReadAction","target":["https:\/\/www.prelit.ch\/en\/?p=26885"]}]},{"@type":"ImageObject","inLanguage":"fr-FR","@id":"https:\/\/www.prelit.ch\/en\/?p=26885#primaryimage","url":"https:\/\/www.prelit.ch\/wp-content\/uploads\/2024\/03\/Jubilaeum-WY-1.jpg","contentUrl":"https:\/\/www.prelit.ch\/wp-content\/uploads\/2024\/03\/Jubilaeum-WY-1.jpg","width":1500,"height":2000},{"@type":"BreadcrumbList","@id":"https:\/\/www.prelit.ch\/en\/?p=26885#breadcrumb","itemListElement":[{"@type":"ListItem","position":1,"name":"Startseite","item":"https:\/\/www.prelit.ch\/fr\/maison-1\/"},{"@type":"ListItem","position":2,"name":"15 ans de jubil\u00e9 !"}]},{"@type":"WebSite","@id":"https:\/\/www.prelit.ch\/#website","url":"https:\/\/www.prelit.ch\/","name":"Prelit","description":"","publisher":{"@id":"https:\/\/www.prelit.ch\/#organization"},"potentialAction":[{"@type":"SearchAction","target":{"@type":"EntryPoint","urlTemplate":"https:\/\/www.prelit.ch\/?s={search_term_string}"},"query-input":{"@type":"PropertyValueSpecification","valueRequired":true,"valueName":"search_term_string"}}],"inLanguage":"fr-FR"},{"@type":"Organization","@id":"https:\/\/www.prelit.ch\/#organization","name":"Prelit AG","url":"https:\/\/www.prelit.ch\/","logo":{"@type":"ImageObject","inLanguage":"fr-FR","@id":"https:\/\/www.prelit.ch\/#\/schema\/logo\/image\/","url":"https:\/\/www.prelit.ch\/wp-content\/uploads\/2019\/05\/orignal.png","contentUrl":"https:\/\/www.prelit.ch\/wp-content\/uploads\/2019\/05\/orignal.png","width":1253,"height":599,"caption":"Prelit AG"},"image":{"@id":"https:\/\/www.prelit.ch\/#\/schema\/logo\/image\/"},"sameAs":["https:\/\/www.linkedin.com\/company\/prelit-ag\/posts\/?feedView=all"]},{"@type":"Person","@id":"https:\/\/www.prelit.ch\/#\/schema\/person\/03f0985cee556b99542f103f72375fb5","name":"Prelit","image":{"@type":"ImageObject","inLanguage":"fr-FR","@id":"https:\/\/www.prelit.ch\/#\/schema\/person\/image\/","url":"https:\/\/secure.gravatar.com\/avatar\/aa15cc1a02c57ee5dbdec38407d55d2726713adb2ab166c9873641afa7b5bb40?s=96&d=mm&r=g","contentUrl":"https:\/\/secure.gravatar.com\/avatar\/aa15cc1a02c57ee5dbdec38407d55d2726713adb2ab166c9873641afa7b5bb40?s=96&d=mm&r=g","caption":"Prelit"},"sameAs":["https:\/\/www.prelit.ch"],"url":"https:\/\/www.prelit.ch\/fr\/author\/pl-admin\/"}]}},"_links":{"self":[{"href":"https:\/\/www.prelit.ch\/fr\/wp-json\/wp\/v2\/posts\/25293","targetHints":{"allow":["GET"]}}],"collection":[{"href":"https:\/\/www.prelit.ch\/fr\/wp-json\/wp\/v2\/posts"}],"about":[{"href":"https:\/\/www.prelit.ch\/fr\/wp-json\/wp\/v2\/types\/post"}],"author":[{"embeddable":true,"href":"https:\/\/www.prelit.ch\/fr\/wp-json\/wp\/v2\/users\/1"}],"replies":[{"embeddable":true,"href":"https:\/\/www.prelit.ch\/fr\/wp-json\/wp\/v2\/comments?post=25293"}],"version-history":[{"count":5,"href":"https:\/\/www.prelit.ch\/fr\/wp-json\/wp\/v2\/posts\/25293\/revisions"}],"predecessor-version":[{"id":25301,"href":"https:\/\/www.prelit.ch\/fr\/wp-json\/wp\/v2\/posts\/25293\/revisions\/25301"}],"wp:featuredmedia":[{"embeddable":true,"href":"https:\/\/www.prelit.ch\/fr\/wp-json\/wp\/v2\/media\/25286"}],"wp:attachment":[{"href":"https:\/\/www.prelit.ch\/fr\/wp-json\/wp\/v2\/media?parent=25293"}],"wp:term":[{"taxonomy":"category","embeddable":true,"href":"https:\/\/www.prelit.ch\/fr\/wp-json\/wp\/v2\/categories?post=25293"},{"taxonomy":"post_tag","embeddable":true,"href":"https:\/\/www.prelit.ch\/fr\/wp-json\/wp\/v2\/tags?post=25293"}],"curies":[{"name":"wp","href":"https:\/\/api.w.org\/{rel}","templated":true}]}}